{"id":1027,"date":"2020-10-21T10:27:46","date_gmt":"2020-10-21T08:27:46","guid":{"rendered":"https:\/\/braswellartscenter.com\/?p=1027"},"modified":"2023-07-11T15:41:36","modified_gmt":"2023-07-11T13:41:36","slug":"diasuke-hirabayashi","status":"publish","type":"post","link":"https:\/\/braswellartscenter.com\/de\/diasuke-hirabayashi\/","title":{"rendered":"Triff Diasuke Hirabayashi"},"content":{"rendered":"<p class=\"has-drop-cap has-large-font-size\">Vor kurzem hatte ich das Privileg, den Architekten und Fotografen Daisuke Hirabayashi zu interviewen. Daisuke hat die Inneneinrichtung des BAC entworfen, und ich hatte die gro\u00dfartige Gelegenheit, ihm einige Fragen zu seiner Karriere zu stellen.<\/p>\n\n\n\n<h2 class=\"wp-block-heading\">WAR ES EIN KINDHEITSTRAUM VON DIR, ARCHITEKT ZU WERDEN?<\/h2>\n\n\n\n<p>Tats\u00e4chlich war es nicht immer mein Traum, Architekt und Fotograf zu werden, aber wie viele Kinder der 70er und 80er Jahre wollte auch ich Mike werden. Mike Jordon, um genau zu sein. Mein Traum war es, Profi-Basketballspieler zu werden, wie mein Kindheitsidol, und nicht Architekt oder Fotograf, aber sp\u00e4ter besuchte ich eine Kunsthochschule und studierte schliesslich Architektur.<\/p>\n\n\n\n<h2 class=\"wp-block-heading\">KANNST DU MIR ETWAS \u00dcBER DEINE DERZEITIGE T\u00c4TIGKEIT ERZ\u00c4HLEN? WAS MACHST DU T\u00c4GLICH - BERUFLICH GESEHEN?<\/h2>\n\n\n\n<p>Architektonisch tue ich eigentlich nicht viel. Das liegt daran, dass das Projekt, an dem ich gerade arbeite, auf Eis gelegt wurde. Der Entwurfsteil ist fertig, und wir warten auf die Baugenehmigung, um mit dem Bau beginnen zu k\u00f6nnen.<\/p>\n\n\n\n<p>Stattdessen besch\u00e4ftige ich mich derzeit mit meiner Karriere als Fotograf. In letzter Zeit fotografiere ich H\u00e4user und Ladeneinrichtungen und bearbeite die Bilder, die ich aufgenommen habe. Meine Karriere als Fotograf hat sich \"einfach so ergeben\" - aus einem Hobby wurde ein Gesch\u00e4ft. Es war nicht Teil meiner Ausbildung, sondern eher ein Hobby und eine Leidenschaft. Sie war nicht Teil meines 9-j\u00e4hrigen Architekturstudiums.<\/p>\n\n\n\n<h2 class=\"wp-block-heading\">WIE SIEHT EINE TYPISCHE WOCHE F\u00dcR DICH AUS - WAS DIE ARBEIT BETRIFFT?<\/h2>\n\n\n\n<p>Ich werde einfach meine letzte Woche als Beispiel nehmen, damit du eine Vorstellung davon bekommst, wie meine durchschnittliche Arbeitswoche aussieht.<\/p>\n\n\n\n<p>Letzte Woche habe ich ein Haus besichtigt, das erst k\u00fcrzlich renoviert wurde; es besteht aus einem Erdgeschoss und einem Obergeschoss - ein Haus f\u00fcr eine Familie. Ein anderes Projekt, an dem ich arbeite, befindet sich in Biel-Benken - etwa 20 Autominuten von hier entfernt. Bei diesem Projekt handelt es sich um ein freistehendes Haus, das renoviert werden muss. Wir haben den Entwurf gemacht und warten jetzt auf die Baugenehmigung, um mit dem Bau beginnen zu k\u00f6nnen. Letzte Woche habe ich ein Haus in M\u00fcnchenstein f\u00fcr einen Architekten fotografiert und dann ein Ladenlokal am Spalenberg in der Altstadt. Im Moment bearbeite ich also die Fotos und muss die endg\u00fcltigen Bilder abliefern. Am Montag habe ich mit einem Architekten gesprochen, f\u00fcr den ich gerade ein Fotoshooting f\u00fcr ein von ihm renoviertes Haus in Riehen mache. Ich hatte bereits Bilder von der Inneneinrichtung gemacht, als das Haus noch unm\u00f6bliert war und gerade mit dem Bau fertig war. Jetzt planen wir ein Innen-Fotoshooting mit den M\u00f6beln, weil die Leute eingezogen sind, und wir m\u00fcssen auch die Aussenaufnahmen machen. Es war also ein Planungsgespr\u00e4ch mit dem Architekten, bei dem wir die Details besprachen: wie wir es machen, wann wir es machen und so weiter. Am Dienstag war ich in Z\u00fcrich f\u00fcr eine Zeitschrift namens \"Hochparterre\", eine Architekturzeitschrift. Sie machen zwei- oder dreimal im Jahr Sonderausgaben, die \"Themenhefte\" genannt werden. Das h\u00e4ngt von der jeweiligen Ausgabe ab, aber normalerweise handelt es sich um ein 20- bis 40-seitiges Sonderheft, das der normalen Ausgabe hinzugef\u00fcgt wird. Das normale Heft erscheint monatlich. Im \"Themenheft\" wird ein architektonisches Projekt in den Mittelpunkt gestellt. Sie engagieren einen Fotografen, der dann hilft, das ganze Themenheft zusammenzuf\u00fcgen. Eine Art visuelles Storytelling, das mit allen anderen Artikeln und Interviews einhergeht.<\/p>\n\n\n\n<h2 class=\"wp-block-heading\">WIE HAT SICH COVID-19 AUF IHR ARBEITSLEBEN AUSGEWIRKT?<\/h2>\n\n\n\n<p>Die Auswirkungen waren nicht so gravierend wie bei anderen Arbeitsbereichen. Ich sollte ein Fotoshooting in den USA veranstalten, aber das konnte wegen der Reisen nicht mehr stattfinden. Ich denke, dass die Auswirkungen im Bereich Architektur und Fotografie nicht jetzt, sondern eher in der Zukunft liegen, denn die Projekte, die ich gerade fotografiere, wurden vor 5, 4, 3, 2 Jahren begonnen und werden jetzt abgeschlossen. Es ist von jetzt an. Werden die Leute Projekte starten? Werden die Leute darum bitten, Projekte zu starten? Die Dinge sind ungewiss, vielleicht hat sich ihre finanzielle Situation ge\u00e4ndert, es ist also ganz anders als bei einem Restaurant, wo man JETZT schliessen musste, etwa im M\u00e4rz... oder bei einem Friseur oder was auch immer, du weisst schon. Du musstest einfach schliessen, das ist bei mir nicht passiert. Ich habe weiter fotografiert, weil ich normalerweise allein in Geb\u00e4uden bin. Architekten brauchen Fotos. Bevor die Leute einziehen, zum Beispiel, also geht man hin und macht es. Ich denke, Ende dieses Jahres, n\u00e4chstes Jahr, 2021 werden die Leute das in diesem Bereich zu sp\u00fcren bekommen. So war es auch bei den Finanzkrisen und Crashs in der Vergangenheit. Die Architektur ist immer im Verzug.<\/p>\n\n\n\n<h2 class=\"wp-block-heading\">WELCHE F\u00c4HIGKEIT HAT DIR IN DEINEM DERZEITIGEN BERUF AM MEISTEN GEHOLFEN?<\/h2>\n\n\n\n<p>Die Eigenschaften, die mir in meinem jetzigen Beruf am meisten geholfen haben, sind mein echtes Interesse, mehr zu lernen, meine Bereitschaft, selbst zu lernen sowie meine Neugier und meine F\u00e4higkeit, die richtigen Fragen zu stellen.<\/p>\n\n\n\n<h2 class=\"wp-block-heading\">W\u00dcRDEST DU ZUSTIMMEN, DASS DU EINEN EIGENEN STIL HAST? WENN JA, WIE W\u00dcRDEST DU DEINEN EIGENEN STIL BESCHREIBEN?<\/h2>\n\n\n\n<p>Nein, ich finde es gef\u00e4hrlich. Ich halte es f\u00fcr gef\u00e4hrlich, einen bestimmten Stil zu \u00fcbernehmen, denn dann besteht die Gefahr, dass man sich selbst Regeln auferlegt. Man neigt dann dazu, einem Projekt selbst auferlegte Regeln aufzuzwingen. Wenn man hingegen nichts erzwingt, hat man mehr Freiheit, und das ist befreiend, weil man dann jedes Projekt wirklich als eine spezifische Situation betrachtet, und das erlaubt neue M\u00f6glichkeiten und spezifische Ergebnisse. Wenn man eine bestimmte Sache im Kopf hat, kann sie nicht gut werden, weil man sie erzwingt.<\/p>\n\n\n\n<h2 class=\"wp-block-heading\">WAS IST DEINER MEINUNG NACH DAS BESONDERE AN DEM PROJEKTENTWURF F\u00dcR DAS BRASWELL ARTS CENTER?<\/h2>\n\n\n\n<p>Ich denke, diese Offenheit und Flexibilit\u00e4t. Es kann alles unterbringen. Ich meine, das Hauptaugenmerk liegt auf Tanzkursen, aber es k\u00f6nnen auch Konzerte und Kunstausstellungen stattfinden, und das war von Anfang an, als ich mit euch sprach, sehr wichtig. Alle M\u00f6bel sind also auf Rollen, die Deckenstrahler sind verstellbar, man kann sie verschieben, und ich glaube, das einzige feste Element sind die dreieckigen Akustikschaumplatten an der Decke. Ok, man kann sie abnehmen. Sie sind nicht dauerhaft, aber sie haben keine R\u00e4der.<\/p>\n\n\n\n<p>Ich bedanke mich bei Dais, dass er sich mit mir getroffen hat. Allerdings habe ich ihm die Hand nicht gesch\u00fcttelt, um die geltenden Covid Regeln einzuhalten.<\/p>\n\n\n\n<p class=\"has-small-font-size\">Weitere Interviews wie dieses finden Sie unter braswellartscenter.com<\/p>","protected":false},"excerpt":{"rendered":"<p>Recently, I had the privilege to interview architect and photographer, Daisuke Hirabayashi. Daisuke designed the BAC interior and I was given the awesome opportunity to ask him some questions regarding his career. WAS IT A CHILDHOOD DREAM OF YOURS TO BECOME AN ARCHITECT? Matter of factly, it wasn`t always my dream to become an architect [&hellip;]<\/p>","protected":false},"author":5,"featured_media":1031,"comment_status":"closed","ping_status":"closed","sticky":false,"template":"","format":"standard","meta":{"_seopress_robots_primary_cat":"none","_seopress_titles_title":"","_seopress_titles_desc":"","_seopress_robots_index":"","site-sidebar-layout":"default","site-content-layout":"default","ast-site-content-layout":"default","site-content-style":"default","site-sidebar-style":"default","ast-global-header-display":"","ast-banner-title-visibility":"","ast-main-header-display":"","ast-hfb-above-header-display":"","ast-hfb-below-header-display":"","ast-hfb-mobile-header-display":"","site-post-title":"","ast-breadcrumbs-content":"","ast-featured-img":"","footer-sml-layout":"","theme-transparent-header-meta":"default","adv-header-id-meta":"","stick-header-meta":"default","header-above-stick-meta":"","header-main-stick-meta":"","header-below-stick-meta":"","astra-migrate-meta-layouts":"default","ast-page-background-enabled":"default","ast-page-background-meta":{"desktop":{"background-color":"var(--ast-global-color-4)","background-image":"","background-repeat":"repeat","background-position":"center center","background-size":"auto","background-attachment":"scroll","background-type":"","background-media":"","overlay-type":"","overlay-color":"","overlay-opacity":"","overlay-gradient":""},"tablet":{"background-color":"","background-image":"","background-repeat":"repeat","background-position":"center center","background-size":"auto","background-attachment":"scroll","background-type":"","background-media":"","overlay-type":"","overlay-color":"","overlay-opacity":"","overlay-gradient":""},"mobile":{"background-color":"","background-image":"","background-repeat":"repeat","background-position":"center center","background-size":"auto","background-attachment":"scroll","background-type":"","background-media":"","overlay-type":"","overlay-color":"","overlay-opacity":"","overlay-gradient":""}},"ast-content-background-meta":{"desktop":{"background-color":"var(--ast-global-color-5)","background-image":"","background-repeat":"repeat","background-position":"center center","background-size":"auto","background-attachment":"scroll","background-type":"","background-media":"","overlay-type":"","overlay-color":"","overlay-opacity":"","overlay-gradient":""},"tablet":{"background-color":"var(--ast-global-color-5)","background-image":"","background-repeat":"repeat","background-position":"center center","background-size":"auto","background-attachment":"scroll","background-type":"","background-media":"","overlay-type":"","overlay-color":"","overlay-opacity":"","overlay-gradient":""},"mobile":{"background-color":"var(--ast-global-color-5)","background-image":"","background-repeat":"repeat","background-position":"center center","background-size":"auto","background-attachment":"scroll","background-type":"","background-media":"","overlay-type":"","overlay-color":"","overlay-opacity":"","overlay-gradient":""}},"iawp_total_views":20,"footnotes":""},"categories":[4],"tags":[],"class_list":["post-1027","post","type-post","status-publish","format-standard","has-post-thumbnail","hentry","category-blog"],"_links":{"self":[{"href":"https:\/\/braswellartscenter.com\/de\/wp-json\/wp\/v2\/posts\/1027","targetHints":{"allow":["GET"]}}],"collection":[{"href":"https:\/\/braswellartscenter.com\/de\/wp-json\/wp\/v2\/posts"}],"about":[{"href":"https:\/\/braswellartscenter.com\/de\/wp-json\/wp\/v2\/types\/post"}],"author":[{"embeddable":true,"href":"https:\/\/braswellartscenter.com\/de\/wp-json\/wp\/v2\/users\/5"}],"replies":[{"embeddable":true,"href":"https:\/\/braswellartscenter.com\/de\/wp-json\/wp\/v2\/comments?post=1027"}],"version-history":[{"count":6,"href":"https:\/\/braswellartscenter.com\/de\/wp-json\/wp\/v2\/posts\/1027\/revisions"}],"predecessor-version":[{"id":2041,"href":"https:\/\/braswellartscenter.com\/de\/wp-json\/wp\/v2\/posts\/1027\/revisions\/2041"}],"wp:featuredmedia":[{"embeddable":true,"href":"https:\/\/braswellartscenter.com\/de\/wp-json\/wp\/v2\/media\/1031"}],"wp:attachment":[{"href":"https:\/\/braswellartscenter.com\/de\/wp-json\/wp\/v2\/media?parent=1027"}],"wp:term":[{"taxonomy":"category","embeddable":true,"href":"https:\/\/braswellartscenter.com\/de\/wp-json\/wp\/v2\/categories?post=1027"},{"taxonomy":"post_tag","embeddable":true,"href":"https:\/\/braswellartscenter.com\/de\/wp-json\/wp\/v2\/tags?post=1027"}],"curies":[{"name":"wp","href":"https:\/\/api.w.org\/{rel}","templated":true}]}}